{"id":101,"date":"2010-04-24T19:09:31","date_gmt":"2010-04-24T17:09:31","guid":{"rendered":"http:\/\/www.bdz-berlin.de\/?p=101"},"modified":"2016-04-15T09:15:56","modified_gmt":"2016-04-15T07:15:56","slug":"konzert-20-jahre-lzo","status":"publish","type":"post","link":"https:\/\/www.bdz-berlin.de\/index.php\/2010\/04\/24\/konzert-20-jahre-lzo\/","title":{"rendered":"Konzert \u201e20 Jahre LZO\u201c"},"content":{"rendered":"<p class=\"paragraph_style_3\"><span class=\"style\">Jubil\u00e4umskonzert des LZO Berlin <\/span>zum 20-j\u00e4hrigen Bestehen am 24. April 2010 in der UdK und Verabschiedung von Prof. Jo\u00ebl Betton, Eveline Tonke und Helga Konzack<\/p>\n\n\t\t<style type=\"text\/css\">\n\t\t\t#gallery-1 {\n\t\t\t\tmargin: auto;\n\t\t\t}\n\t\t\t#gallery-1 .gallery-item {\n\t\t\t\tfloat: left;\n\t\t\t\tmargin-top: 10px;\n\t\t\t\ttext-align: center;\n\t\t\t\twidth: 33%;\n\t\t\t}\n\t\t\t#gallery-1 img {\n\t\t\t\tborder: 2px solid #cfcfcf;\n\t\t\t}\n\t\t\t#gallery-1 .gallery-caption {\n\t\t\t\tmargin-left: 0;\n\t\t\t}\n\t\t\t\/* see gallery_shortcode() in wp-includes\/media.php *\/\n\t\t<\/style>\n\t\t<div id='gallery-1' class='gallery galleryid-101 gallery-columns-3 gallery-size-thumbnail'><dl class='gallery-item'>\n\t\t\t<dt class='gallery-icon landscape'>\n\t\t\t\t<a href='https:\/\/www.bdz-berlin.de\/index.php\/2010\/04\/24\/konzert-20-jahre-lzo\/lzo01\/'><img loading=\"lazy\" decoding=\"async\" width=\"150\" height=\"150\" src=\"https:\/\/www.bdz-berlin.de\/wp-content\/uploads\/2016\/04\/lzo01-150x150.jpg\" class=\"attachment-thumbnail size-thumbnail\" alt=\"\" aria-describedby=\"gallery-1-102\" srcset=\"https:\/\/www.bdz-berlin.de\/wp-content\/uploads\/2016\/04\/lzo01-150x150.jpg 150w, https:\/\/www.bdz-berlin.de\/wp-content\/uploads\/2016\/04\/lzo01-180x180.jpg 180w, https:\/\/www.bdz-berlin.de\/wp-content\/uploads\/2016\/04\/lzo01-60x60.jpg 60w\" sizes=\"(max-width: 150px) 100vw, 150px\" \/><\/a>\n\t\t\t<\/dt>\n\t\t\t\t<dd class='wp-caption-text gallery-caption' id='gallery-1-102'>\n\t\t\t\tDer Pr\u00e4sident des LMR Christian H\u00f6ppner w\u00fcrdigt die Leistungen des LZO in seiner Laudatio\n\t\t\t\t<\/dd><\/dl><dl class='gallery-item'>\n\t\t\t<dt class='gallery-icon landscape'>\n\t\t\t\t<a href='https:\/\/www.bdz-berlin.de\/index.php\/2010\/04\/24\/konzert-20-jahre-lzo\/lzo02\/'><img loading=\"lazy\" decoding=\"async\" width=\"150\" height=\"150\" src=\"https:\/\/www.bdz-berlin.de\/wp-content\/uploads\/2016\/04\/lzo02-150x150.jpg\" class=\"attachment-thumbnail size-thumbnail\" alt=\"\" aria-describedby=\"gallery-1-103\" srcset=\"https:\/\/www.bdz-berlin.de\/wp-content\/uploads\/2016\/04\/lzo02-150x150.jpg 150w, https:\/\/www.bdz-berlin.de\/wp-content\/uploads\/2016\/04\/lzo02-180x180.jpg 180w, https:\/\/www.bdz-berlin.de\/wp-content\/uploads\/2016\/04\/lzo02-60x60.jpg 60w\" sizes=\"(max-width: 150px) 100vw, 150px\" \/><\/a>\n\t\t\t<\/dt>\n\t\t\t\t<dd class='wp-caption-text gallery-caption' id='gallery-1-103'>\n\t\t\t\tHelga Konzack erh\u00e4lt die goldene Ehrennadel des Landesmusikrates\n\t\t\t\t<\/dd><\/dl><dl class='gallery-item'>\n\t\t\t<dt class='gallery-icon landscape'>\n\t\t\t\t<a href='https:\/\/www.bdz-berlin.de\/index.php\/2010\/04\/24\/konzert-20-jahre-lzo\/lzo04\/'><img loading=\"lazy\" decoding=\"async\" width=\"150\" height=\"150\" src=\"https:\/\/www.bdz-berlin.de\/wp-content\/uploads\/2016\/04\/lzo04-150x150.jpg\" class=\"attachment-thumbnail size-thumbnail\" alt=\"\" aria-describedby=\"gallery-1-105\" srcset=\"https:\/\/www.bdz-berlin.de\/wp-content\/uploads\/2016\/04\/lzo04-150x150.jpg 150w, https:\/\/www.bdz-berlin.de\/wp-content\/uploads\/2016\/04\/lzo04-180x180.jpg 180w, https:\/\/www.bdz-berlin.de\/wp-content\/uploads\/2016\/04\/lzo04-60x60.jpg 60w\" sizes=\"(max-width: 150px) 100vw, 150px\" \/><\/a>\n\t\t\t<\/dt>\n\t\t\t\t<dd class='wp-caption-text gallery-caption' id='gallery-1-105'>\n\t\t\t\tEin Dankesch\u00f6n auch an den Dirigenten Prof. Jo\u00ebl Betton&#8230;\n\t\t\t\t<\/dd><\/dl><br style=\"clear: both\" \/><dl class='gallery-item'>\n\t\t\t<dt class='gallery-icon landscape'>\n\t\t\t\t<a href='https:\/\/www.bdz-berlin.de\/index.php\/2010\/04\/24\/konzert-20-jahre-lzo\/lzo03\/'><img loading=\"lazy\" decoding=\"async\" width=\"150\" height=\"150\" src=\"https:\/\/www.bdz-berlin.de\/wp-content\/uploads\/2016\/04\/lzo03-150x150.jpg\" class=\"attachment-thumbnail size-thumbnail\" alt=\"\" aria-describedby=\"gallery-1-104\" srcset=\"https:\/\/www.bdz-berlin.de\/wp-content\/uploads\/2016\/04\/lzo03-150x150.jpg 150w, https:\/\/www.bdz-berlin.de\/wp-content\/uploads\/2016\/04\/lzo03-180x180.jpg 180w, https:\/\/www.bdz-berlin.de\/wp-content\/uploads\/2016\/04\/lzo03-60x60.jpg 60w\" sizes=\"(max-width: 150px) 100vw, 150px\" \/><\/a>\n\t\t\t<\/dt>\n\t\t\t\t<dd class='wp-caption-text gallery-caption' id='gallery-1-104'>\n\t\t\t\t&#8230;und                    die Konzertmeisterin Eveline Tonke\n\t\t\t\t<\/dd><\/dl><dl class='gallery-item'>\n\t\t\t<dt class='gallery-icon landscape'>\n\t\t\t\t<a href='https:\/\/www.bdz-berlin.de\/index.php\/2010\/04\/24\/konzert-20-jahre-lzo\/lzo05\/'><img loading=\"lazy\" decoding=\"async\" width=\"150\" height=\"150\" src=\"https:\/\/www.bdz-berlin.de\/wp-content\/uploads\/2016\/04\/lzo05-150x150.jpg\" class=\"attachment-thumbnail size-thumbnail\" alt=\"\" aria-describedby=\"gallery-1-106\" srcset=\"https:\/\/www.bdz-berlin.de\/wp-content\/uploads\/2016\/04\/lzo05-150x150.jpg 150w, https:\/\/www.bdz-berlin.de\/wp-content\/uploads\/2016\/04\/lzo05-180x180.jpg 180w, https:\/\/www.bdz-berlin.de\/wp-content\/uploads\/2016\/04\/lzo05-60x60.jpg 60w\" sizes=\"(max-width: 150px) 100vw, 150px\" \/><\/a>\n\t\t\t<\/dt>\n\t\t\t\t<dd class='wp-caption-text gallery-caption' id='gallery-1-106'>\n\t\t\t\tViel Applaus im vollbesetzten Joseph-Joachim-Konzertsaal der UdK Berlin\n\t\t\t\t<\/dd><\/dl><dl class='gallery-item'>\n\t\t\t<dt class='gallery-icon landscape'>\n\t\t\t\t<a href='https:\/\/www.bdz-berlin.de\/index.php\/2010\/04\/24\/konzert-20-jahre-lzo\/lzo06\/'><img loading=\"lazy\" decoding=\"async\" width=\"150\" height=\"150\" src=\"https:\/\/www.bdz-berlin.de\/wp-content\/uploads\/2016\/04\/lzo06-150x150.jpg\" class=\"attachment-thumbnail size-thumbnail\" alt=\"\" aria-describedby=\"gallery-1-107\" srcset=\"https:\/\/www.bdz-berlin.de\/wp-content\/uploads\/2016\/04\/lzo06-150x150.jpg 150w, https:\/\/www.bdz-berlin.de\/wp-content\/uploads\/2016\/04\/lzo06-180x180.jpg 180w, https:\/\/www.bdz-berlin.de\/wp-content\/uploads\/2016\/04\/lzo06-60x60.jpg 60w\" sizes=\"(max-width: 150px) 100vw, 150px\" \/><\/a>\n\t\t\t<\/dt>\n\t\t\t\t<dd class='wp-caption-text gallery-caption' id='gallery-1-107'>\n\t\t\t\tMario Raic, Gitarre\n\t\t\t\t<\/dd><\/dl><br style=\"clear: both\" \/><dl class='gallery-item'>\n\t\t\t<dt class='gallery-icon landscape'>\n\t\t\t\t<a href='https:\/\/www.bdz-berlin.de\/index.php\/2010\/04\/24\/konzert-20-jahre-lzo\/lzo07\/'><img loading=\"lazy\" decoding=\"async\" width=\"150\" height=\"150\" src=\"https:\/\/www.bdz-berlin.de\/wp-content\/uploads\/2016\/04\/lzo07-150x150.jpg\" class=\"attachment-thumbnail size-thumbnail\" alt=\"\" aria-describedby=\"gallery-1-108\" srcset=\"https:\/\/www.bdz-berlin.de\/wp-content\/uploads\/2016\/04\/lzo07-150x150.jpg 150w, https:\/\/www.bdz-berlin.de\/wp-content\/uploads\/2016\/04\/lzo07-180x180.jpg 180w, https:\/\/www.bdz-berlin.de\/wp-content\/uploads\/2016\/04\/lzo07-60x60.jpg 60w\" sizes=\"(max-width: 150px) 100vw, 150px\" \/><\/a>\n\t\t\t<\/dt>\n\t\t\t\t<dd class='wp-caption-text gallery-caption' id='gallery-1-108'>\n\t\t\t\tLuba Schuster, Querfl\u00f6te\n\t\t\t\t<\/dd><\/dl><dl class='gallery-item'>\n\t\t\t<dt class='gallery-icon portrait'>\n\t\t\t\t<a href='https:\/\/www.bdz-berlin.de\/index.php\/2010\/04\/24\/konzert-20-jahre-lzo\/lzo08\/'><img loading=\"lazy\" decoding=\"async\" width=\"150\" height=\"150\" src=\"https:\/\/www.bdz-berlin.de\/wp-content\/uploads\/2016\/04\/lzo08-150x150.jpg\" class=\"attachment-thumbnail size-thumbnail\" alt=\"\" aria-describedby=\"gallery-1-109\" srcset=\"https:\/\/www.bdz-berlin.de\/wp-content\/uploads\/2016\/04\/lzo08-150x150.jpg 150w, https:\/\/www.bdz-berlin.de\/wp-content\/uploads\/2016\/04\/lzo08-180x180.jpg 180w, https:\/\/www.bdz-berlin.de\/wp-content\/uploads\/2016\/04\/lzo08-60x60.jpg 60w\" sizes=\"(max-width: 150px) 100vw, 150px\" \/><\/a>\n\t\t\t<\/dt>\n\t\t\t\t<dd class='wp-caption-text gallery-caption' id='gallery-1-109'>\n\t\t\t\tDie Verdienstmedaille des BDZ in Silber an Helga Konzack\n\t\t\t\t<\/dd><\/dl><dl class='gallery-item'>\n\t\t\t<dt class='gallery-icon landscape'>\n\t\t\t\t<a href='https:\/\/www.bdz-berlin.de\/index.php\/2010\/04\/24\/konzert-20-jahre-lzo\/lzo09\/'><img loading=\"lazy\" decoding=\"async\" width=\"150\" height=\"150\" src=\"https:\/\/www.bdz-berlin.de\/wp-content\/uploads\/2016\/04\/lzo09-150x150.jpg\" class=\"attachment-thumbnail size-thumbnail\" alt=\"\" aria-describedby=\"gallery-1-110\" srcset=\"https:\/\/www.bdz-berlin.de\/wp-content\/uploads\/2016\/04\/lzo09-150x150.jpg 150w, https:\/\/www.bdz-berlin.de\/wp-content\/uploads\/2016\/04\/lzo09-180x180.jpg 180w, https:\/\/www.bdz-berlin.de\/wp-content\/uploads\/2016\/04\/lzo09-60x60.jpg 60w\" sizes=\"(max-width: 150px) 100vw, 150px\" \/><\/a>\n\t\t\t<\/dt>\n\t\t\t\t<dd class='wp-caption-text gallery-caption' id='gallery-1-110'>\n\t\t\t\t  Die Verdienstmedaille in Bronze  an Eveline Tonke und Prof. Jo\u00ebl Betton\n\t\t\t\t<\/dd><\/dl><br style=\"clear: both\" \/><dl class='gallery-item'>\n\t\t\t<dt class='gallery-icon landscape'>\n\t\t\t\t<a href='https:\/\/www.bdz-berlin.de\/index.php\/2010\/04\/24\/konzert-20-jahre-lzo\/lzo10\/'><img loading=\"lazy\" decoding=\"async\" width=\"150\" height=\"150\" src=\"https:\/\/www.bdz-berlin.de\/wp-content\/uploads\/2016\/04\/lzo10-150x150.jpg\" class=\"attachment-thumbnail size-thumbnail\" alt=\"\" aria-describedby=\"gallery-1-111\" srcset=\"https:\/\/www.bdz-berlin.de\/wp-content\/uploads\/2016\/04\/lzo10-150x150.jpg 150w, https:\/\/www.bdz-berlin.de\/wp-content\/uploads\/2016\/04\/lzo10-180x180.jpg 180w, https:\/\/www.bdz-berlin.de\/wp-content\/uploads\/2016\/04\/lzo10-60x60.jpg 60w\" sizes=\"(max-width: 150px) 100vw, 150px\" \/><\/a>\n\t\t\t<\/dt>\n\t\t\t\t<dd class='wp-caption-text gallery-caption' id='gallery-1-111'>\n\t\t\t\tEuch Dreien ein herzliches Dankesch\u00f6n\n\t\t\t\t<\/dd><\/dl>\n\t\t\t<br style='clear: both' \/>\n\t\t<\/div>\n\n","protected":false},"excerpt":{"rendered":"<p>Jubil\u00e4umskonzert des LZO Berlin zum 20-j\u00e4hrigen Bestehen am 24. April 2010 in der UdK und Verabschiedung von Prof. Jo\u00ebl Betton, Eveline Tonke und Helga Konzack<\/p>\n","protected":false},"author":1,"featured_media":0,"comment_status":"open","ping_status":"open","sticky":false,"template":"","format":"standard","meta":{"footnotes":""},"categories":[3,8],"tags":[12],"class_list":["post-101","post","type-post","status-publish","format-standard","hentry","category-fotos","category-konzert","tag-lzo"],"_links":{"self":[{"href":"https:\/\/www.bdz-berlin.de\/index.php\/wp-json\/wp\/v2\/posts\/101"}],"collection":[{"href":"https:\/\/www.bdz-berlin.de\/index.php\/wp-json\/wp\/v2\/posts"}],"about":[{"href":"https:\/\/www.bdz-berlin.de\/index.php\/wp-json\/wp\/v2\/types\/post"}],"author":[{"embeddable":true,"href":"https:\/\/www.bdz-berlin.de\/index.php\/wp-json\/wp\/v2\/users\/1"}],"replies":[{"embeddable":true,"href":"https:\/\/www.bdz-berlin.de\/index.php\/wp-json\/wp\/v2\/comments?post=101"}],"version-history":[{"count":2,"href":"https:\/\/www.bdz-berlin.de\/index.php\/wp-json\/wp\/v2\/posts\/101\/revisions"}],"predecessor-version":[{"id":113,"href":"https:\/\/www.bdz-berlin.de\/index.php\/wp-json\/wp\/v2\/posts\/101\/revisions\/113"}],"wp:attachment":[{"href":"https:\/\/www.bdz-berlin.de\/index.php\/wp-json\/wp\/v2\/media?parent=101"}],"wp:term":[{"taxonomy":"category","embeddable":true,"href":"https:\/\/www.bdz-berlin.de\/index.php\/wp-json\/wp\/v2\/categories?post=101"},{"taxonomy":"post_tag","embeddable":true,"href":"https:\/\/www.bdz-berlin.de\/index.php\/wp-json\/wp\/v2\/tags?post=101"}],"curies":[{"name":"wp","href":"https:\/\/api.w.org\/{rel}","templated":true}]}}